{"id":3016,"date":"2024-07-24T15:23:24","date_gmt":"2024-07-24T15:23:24","guid":{"rendered":"http:\/\/172.16.0.156\/?p=3016"},"modified":"2024-07-24T15:23:27","modified_gmt":"2024-07-24T15:23:27","slug":"sete-trabalhadores-da-sn-passam-a-reforma","status":"publish","type":"post","link":"https:\/\/www.snoticias.co.mz\/?p=3016","title":{"rendered":"Sete trabalhadores da\u00a0SN passam a\u00a0reforma"},"content":{"rendered":"\n<p>Sete funcion\u00e1rios da Sociedade do Not\u00edcias, SA.&nbsp;&nbsp;passam desde&nbsp;hoje, dia&nbsp;16 de&nbsp;Julho,&nbsp;\u00e0 reforma.&nbsp;A&nbsp;cerim\u00f3nia de&nbsp;despedida dos reformados, nomeadamente:&nbsp;&nbsp;Alfredo Carlos Dacala, Salom\u00e3o Muiambo, Alberto de Almeida Dimas, Hor\u00e1cio&nbsp;Ant\u00f3nio&nbsp;Jo\u00e3o, Jos\u00e9 Piano Conde, Francisco Manguiza e J\u00falio Nhacaze Magaia, foi dirigida&nbsp;pelo&nbsp;Presidente do&nbsp;Conselho&nbsp;de Administra\u00e7\u00e3o&nbsp;da&nbsp;SN,&nbsp;J\u00falio&nbsp;Manjate.<\/p>\n\n\n\n<p>Dirigindo-se aos presentes,&nbsp;o Presidente do Conselho de Administra\u00e7\u00e3o da Sociedade do Not\u00edcias, S.A., J\u00falio Manjate, destacou a import\u00e2ncia do momento, enfatizando que, embora seja um adeus, n\u00e3o \u00e9 definitivo. Ele mencionou que, mesmo com o t\u00e9rmino do tempo de trabalho, a legisla\u00e7\u00e3o trabalhista permite que os trabalhadores aposentados possam ser chamados para contribuir novamente por um per\u00edodo&nbsp;caso se mostre necess\u00e1rio.&nbsp;O presidente expressou sua gratid\u00e3o&nbsp;pela contribui\u00e7\u00e3o de todos os funcion\u00e1rios&nbsp;e convidou os aposentados a compartilharem seus testemunhos sobre suas trajet\u00f3rias na empresa.<\/p>\n\n\n\n<p>Francisco Manguiza, com 42 anos de servi\u00e7o na Sociedade do Not\u00edcias,&nbsp;S.A.&nbsp;destacou que a cerim\u00f3nia demonstra o apre\u00e7o do Conselho de Administra\u00e7\u00e3o pelos&nbsp;trabalhadores&nbsp;e que a aposentadoria n\u00e3o significa um desligamento total. Ele se despediu dos colegas com um sentimento de miss\u00e3o cumprida.<\/p>\n\n\n\n<p>Durante&nbsp;a&nbsp;cerim\u00f3nia, os&nbsp;funcion\u00e1rios que v\u00e3o a reforma&nbsp;receberam&nbsp;um&nbsp;certificado&nbsp;de&nbsp;honra,&nbsp;em&nbsp;reconhecimento&nbsp;aos&nbsp;seus&nbsp;pr\u00e9stimos&nbsp;ao longo&nbsp;da carreira.<\/p>\n\n\n\n<figure class=\"wp-block-gallery has-nested-images columns-default is-cropped wp-block-gallery-1 is-layout-flex wp-block-gallery-is-layout-flex\">\n<figure class=\"wp-block-image size-large\"><img loading=\"lazy\" decoding=\"async\" width=\"6240\" height=\"4160\" data-id=\"3024\" src=\"https:\/\/www.snoticias.co.mz\/wp-content\/uploads\/2024\/07\/DSCF5826.jpg\" alt=\"\" class=\"wp-image-3024\"\/><\/figure>\n\n\n\n<figure class=\"wp-block-image size-large\"><img loading=\"lazy\" decoding=\"async\" width=\"6240\" height=\"4160\" data-id=\"3022\" src=\"https:\/\/www.snoticias.co.mz\/wp-content\/uploads\/2024\/07\/DSCF5856.jpg\" alt=\"\" class=\"wp-image-3022\"\/><\/figure>\n\n\n\n<figure class=\"wp-block-image size-large\"><img loading=\"lazy\" decoding=\"async\" width=\"6240\" height=\"4160\" data-id=\"3023\" src=\"https:\/\/www.snoticias.co.mz\/wp-content\/uploads\/2024\/07\/DSCF5849.jpg\" alt=\"\" class=\"wp-image-3023\"\/><\/figure>\n\n\n\n<figure class=\"wp-block-image size-large\"><img loading=\"lazy\" decoding=\"async\" width=\"6240\" height=\"4160\" data-id=\"3021\" src=\"https:\/\/www.snoticias.co.mz\/wp-content\/uploads\/2024\/07\/DSCF5895-1.jpg\" alt=\"\" class=\"wp-image-3021\"\/><\/figure>\n\n\n\n<figure class=\"wp-block-image size-large\"><img loading=\"lazy\" decoding=\"async\" width=\"6240\" height=\"4160\" data-id=\"3020\" src=\"https:\/\/www.snoticias.co.mz\/wp-content\/uploads\/2024\/07\/DSCF5903.jpg\" alt=\"\" class=\"wp-image-3020\"\/><\/figure>\n\n\n\n<figure class=\"wp-block-image size-large\"><img loading=\"lazy\" decoding=\"async\" width=\"6240\" height=\"4160\" data-id=\"3019\" src=\"https:\/\/www.snoticias.co.mz\/wp-content\/uploads\/2024\/07\/DSCF5904.jpg\" alt=\"\" class=\"wp-image-3019\"\/><\/figure>\n\n\n\n<figure class=\"wp-block-image size-large\"><img loading=\"lazy\" decoding=\"async\" width=\"6240\" height=\"4160\" data-id=\"3018\" src=\"https:\/\/www.snoticias.co.mz\/wp-content\/uploads\/2024\/07\/DSCF5917.jpg\" alt=\"\" class=\"wp-image-3018\"\/><\/figure>\n\n\n\n<figure class=\"wp-block-image size-large\"><img loading=\"lazy\" decoding=\"async\" width=\"6240\" height=\"4160\" data-id=\"3017\" src=\"https:\/\/www.snoticias.co.mz\/wp-content\/uploads\/2024\/07\/DSCF5923.jpg\" alt=\"\" class=\"wp-image-3017\"\/><\/figure>\n<\/figure>\n","protected":false},"excerpt":{"rendered":"<p>Sete funcion\u00e1rios da Sociedade do Not\u00edcias, SA.&nbsp;&nbsp;passam desde&nbsp;hoje, dia&nbsp;16 de&nbsp;Julho,&nbsp;\u00e0 reforma.&nbsp;A&nbsp;cerim\u00f3nia de&nbsp;despedida dos reformados, nomeadamente:&nbsp;&nbsp;Alfredo Carlos Dacala, Salom\u00e3o Muiambo, Alberto de Almeida Dimas, Hor\u00e1cio&nbsp;Ant\u00f3nio&nbsp;Jo\u00e3o, Jos\u00e9 Piano Conde, Francisco Manguiza e J\u00falio Nhacaze Magaia, foi dirigida&nbsp;pelo&nbsp;Presidente do&nbsp;Conselho&nbsp;de Administra\u00e7\u00e3o&nbsp;da&nbsp;SN,&nbsp;J\u00falio&nbsp;Manjate. Dirigindo-se aos presentes,&nbsp;o Presidente do Conselho de Administra\u00e7\u00e3o da Sociedade do Not\u00edcias, S.A., J\u00falio Manjate, destacou a import\u00e2ncia [&hellip;]<\/p>\n","protected":false},"author":1,"featured_media":3021,"comment_status":"open","ping_status":"open","sticky":false,"template":"","format":"standard","meta":{"footnotes":""},"categories":[50],"tags":[],"class_list":["post-3016","post","type-post","status-publish","format-standard","has-post-thumbnail","hentry","category-noticias"],"_links":{"self":[{"href":"https:\/\/www.snoticias.co.mz\/index.php?rest_route=\/wp\/v2\/posts\/3016"}],"collection":[{"href":"https:\/\/www.snoticias.co.mz\/index.php?rest_route=\/wp\/v2\/posts"}],"about":[{"href":"https:\/\/www.snoticias.co.mz\/index.php?rest_route=\/wp\/v2\/types\/post"}],"author":[{"embeddable":true,"href":"https:\/\/www.snoticias.co.mz\/index.php?rest_route=\/wp\/v2\/users\/1"}],"replies":[{"embeddable":true,"href":"https:\/\/www.snoticias.co.mz\/index.php?rest_route=%2Fwp%2Fv2%2Fcomments&post=3016"}],"version-history":[{"count":1,"href":"https:\/\/www.snoticias.co.mz\/index.php?rest_route=\/wp\/v2\/posts\/3016\/revisions"}],"predecessor-version":[{"id":3025,"href":"https:\/\/www.snoticias.co.mz\/index.php?rest_route=\/wp\/v2\/posts\/3016\/revisions\/3025"}],"wp:featuredmedia":[{"embeddable":true,"href":"https:\/\/www.snoticias.co.mz\/index.php?rest_route=\/wp\/v2\/media\/3021"}],"wp:attachment":[{"href":"https:\/\/www.snoticias.co.mz\/index.php?rest_route=%2Fwp%2Fv2%2Fmedia&parent=3016"}],"wp:term":[{"taxonomy":"category","embeddable":true,"href":"https:\/\/www.snoticias.co.mz\/index.php?rest_route=%2Fwp%2Fv2%2Fcategories&post=3016"},{"taxonomy":"post_tag","embeddable":true,"href":"https:\/\/www.snoticias.co.mz\/index.php?rest_route=%2Fwp%2Fv2%2Ftags&post=3016"}],"curies":[{"name":"wp","href":"https:\/\/api.w.org\/{rel}","templated":true}]}}